{"id":25561,"date":"2020-02-06T08:23:59","date_gmt":"2020-02-06T08:23:59","guid":{"rendered":"https:\/\/serhsprojects.com\/?p=25561"},"modified":"2023-05-02T12:18:35","modified_gmt":"2023-05-02T11:18:35","slug":"serhs-projects-torna-a-una-nova-edicio-de-hip-del-24-al-26-de-febrer-a-ifema-madrid","status":"publish","type":"post","link":"https:\/\/serhsprojects.com\/ca\/serhs-projects-torna-a-una-nova-edicio-de-hip-del-24-al-26-de-febrer-a-ifema-madrid\/","title":{"rendered":"SERHS Projects torna a una nova edici\u00f3 de HIP, del 24 al 26 de febrer a IFEMA, Madrid,"},"content":{"rendered":"<h3><span style=\"font-weight: 400;\">Despr\u00e9s de l\u2019\u00e8xit aconseguit a la passada edici\u00f3, SERHS Projects , com a\u00a0 professionals en<\/span><a href=\"https:\/\/serhsprojects.com\/ca\/serhs-projects-projectes-a-mida-cuina-bufets-show-cooking\/\" target=\"_blank\" rel=\"noopener noreferrer\"><span style=\"font-weight: 400;\"> projectes de cuines\u00a0 industrials i buffets<\/span><\/a><span style=\"font-weight: 400;\">, torna a apostar per participar a\u00a0 la Hospitality Innovation Planet, que tindr\u00e0 lloc\u00a0 del <\/span><b>24 al 26 de Febrer a Madrid.<\/b><\/h3>\n<p><span style=\"font-weight: 400;\">M\u00e9s de 25.000 professionals del sector HORECA van visitar el sal\u00f3\u00a0 en 2019, amb m\u00e9s de 400 expositors oferint solucions pel canal de l\u2019Hostaleria i la Restauraci\u00f3.<\/span><\/p>\n<p>&nbsp;<\/p>\n<h3><b>Qu\u00e8 trobar\u00e0s al nostre stand? Pavell\u00f3 14.0 \/ Stand G708<\/b><\/h3>\n<p><span style=\"font-weight: 400;\">Et presentarem totes les novetats en <\/span><a href=\"https:\/\/www.serhsequipments.com\" target=\"_blank\" rel=\"noopener noreferrer\"><span style=\"font-weight: 400;\">equipament <\/span><\/a><span style=\"font-weight: 400;\">de <\/span><a href=\"https:\/\/serhsprojects.com\/ca\/serveis-projectes-a-mida-cuina-bufets-show-cooking\/cuines-professionals-per-a-hostaleria-i-restauracio-2\/\" target=\"_blank\" rel=\"noopener noreferrer\"><span style=\"font-weight: 400;\">cuines<\/span><\/a><span style=\"font-weight: 400;\"> que permetin\u00a0 incrementar la productivitat del teu espai de restauraci\u00f3\u00a0 i els aporti un disseny \u00fanic.<\/span><\/p>\n<p><span style=\"font-weight: 400;\">Per aix\u00f2, treballem de la m\u00e0 de grans marques professionals com s\u00f3n Mareno i Rational, i que ens acompanyaran durant tota l\u2019exposici\u00f3 amb demostracions\u00a0 i aclarint tots els possibles dubtes que et puguin sorgir.<\/span><\/p>\n<h4><b><img decoding=\"async\" class=\"wp-image-25617 size-full alignleft lazyload\" data-src=\"https:\/\/serhsprojects.com\/wp-content\/uploads\/2020\/02\/Bloque-de-coccion-Cocina-Industrial-Profesional-Mareno-\u00b7-SERHS-Projects.jpg\" alt=\"Bloque de coccion Cocina Industrial Profesional Mareno \u00b7 SERHS Projects\" width=\"248\" height=\"187\" src=\"data:image\/svg+xml;base64,PHN2ZyB3aWR0aD0iMSIgaGVpZ2h0PSIxIiB4bWxucz0iaHR0cDovL3d3dy53My5vcmcvMjAwMC9zdmciPjwvc3ZnPg==\" style=\"--smush-placeholder-width: 248px; --smush-placeholder-aspect-ratio: 248\/187;\" \/>Bloc de cocci\u00f3 mural <a href=\"https:\/\/www.serhsequipments.com\/search?searchCriteria=mareno&amp;customTagsSearchList=&amp;searchproducts=true&amp;searchcategories=-1&amp;searchblog=-1&amp;searchpages=-1&amp;searchnews=-1&amp;minCharacters=3\" target=\"_blank\" rel=\"noopener noreferrer\">\u00a0Gamma Star 70 de Mareno.<\/a><\/b><\/h4>\n<p><span style=\"font-weight: 400;\">Flexible i vers\u00e0til, \u00e9s la soluci\u00f3 ideal si desitges potencia i fiabilitat\u00a0 en espais redu\u00efts. Ideal per a restaurants petits i mitjans, o locals amb restauraci\u00f3 a la vista. Restauraci\u00f3 espec\u00edfica per escoles i llar d\u2019infants, menjadors de petits hospitals\u00a0 i llar d\u2019avis.<\/span><\/p>\n<p><span style=\"font-weight: 400;\">Millora la seguretat i la higiene del teu espai de cuina, i incrementa l\u2019estalvi d\u2019energia (fins a un 43% menys) gr\u00e0cies a Power Guardian, que permet el control de potencia de tots els elements el\u00e8ctrics de la teva cuina, el que suposa un estalvi de costos considerable.<\/span><\/p>\n<p>&nbsp;<\/p>\n<h4><b><img decoding=\"async\" class=\"wp-image-25619 size-full alignleft lazyload\" data-src=\"https:\/\/serhsprojects.com\/wp-content\/uploads\/2020\/02\/Bloque-de-coccion-Cocina-Industrial-Mareno-\u00b7-SERHS-Projects.jpg\" alt=\"Bloque de coccion Cocina Industrial Mareno \u00b7 SERHS Projects\" width=\"249\" height=\"187\" src=\"data:image\/svg+xml;base64,PHN2ZyB3aWR0aD0iMSIgaGVpZ2h0PSIxIiB4bWxucz0iaHR0cDovL3d3dy53My5vcmcvMjAwMC9zdmciPjwvc3ZnPg==\" style=\"--smush-placeholder-width: 249px; --smush-placeholder-aspect-ratio: 249\/187;\" \/><\/b><\/h4>\n<h4><b>Cuina central<a href=\"https:\/\/www.serhsequipments.com\/search?searchCriteria=mareno&amp;customTagsSearchList=&amp;searchproducts=true&amp;searchcategories=-1&amp;searchblog=-1&amp;searchpages=-1&amp;searchnews=-1&amp;minCharacters=3\" target=\"_blank\" rel=\"noopener noreferrer\"> Gamma Star 90 de Mareno<\/a>.<\/b><\/h4>\n<p><span style=\"font-weight: 400;\">Aposta per la m\u00e0xima innovaci\u00f3, garantitza espais amplis de treball, incrementa les potencies i rendiment dels teus serveis. Ideal per espais de restauraci\u00f3 comercial, grans i mitjanes empreses de restauraci\u00f3 i cadenes hoteleres. Restauraci\u00f3 col\u00b7lectiva, hospitals , menjadors escolars, universitaris, d\u2019empreses, i cuines centralitzades.<\/span><\/p>\n<p><span style=\"font-weight: 400;\">Amplia les teves zones de cocci\u00f3 i zones de treball amb amplis sobres de taula, amb la m\u00e0xima robustesa, resist\u00e8ncia i higiene.<\/span><\/p>\n<p>&nbsp;<\/p>\n<h4><b><img decoding=\"async\" class=\"wp-image-25621 size-full alignleft lazyload\" data-src=\"https:\/\/serhsprojects.com\/wp-content\/uploads\/2020\/02\/Freidora-automatica-Cocina-Industrial-Mareno-\u00b7-SERHS-Projects.jpg\" alt=\"Freidora automatica Cocina Industrial Mareno \u00b7 SERHS Projects\" width=\"248\" height=\"187\" src=\"data:image\/svg+xml;base64,PHN2ZyB3aWR0aD0iMSIgaGVpZ2h0PSIxIiB4bWxucz0iaHR0cDovL3d3dy53My5vcmcvMjAwMC9zdmciPjwvc3ZnPg==\" style=\"--smush-placeholder-width: 248px; --smush-placeholder-aspect-ratio: 248\/187;\" \/><\/b><\/h4>\n<h4><b><a href=\"https:\/\/www.serhsequipments.com\/search?searchCriteria=mareno&amp;customTagsSearchList=&amp;searchproducts=true&amp;searchcategories=-1&amp;searchblog=-1&amp;searchpages=-1&amp;searchnews=-1&amp;minCharacters=3\" target=\"_blank\" rel=\"noopener\">Fregidora autom\u00e0tica Mareno<\/a>.<\/b><\/h4>\n<p><b><span style=\"font-weight: 400;\">Les fregidores programables d\u2019alta productivitat s\u00f3n ideals per obtenir una fritura sana, daurada i cruixent.\u00a0 Disposa d\u2019un sistema de filtraci\u00f3 integrat que permet mantenir net l\u2019oli i evitar aix\u00ed que es degradi. Inclou un sistema d\u2019elevaci\u00f3 de cistelles\u00a0 que facilita retirar els productes fregits una vegada finalitzada la cocci\u00f3. La resist\u00e8ncia gira sobre 90\u00ba per facilitar tota la neteja.<\/span><\/b><\/p>\n<p>&nbsp;<\/p>\n<p>&nbsp;<\/p>\n<h4><b><img decoding=\"async\" class=\"wp-image-25623 size-full alignleft lazyload\" data-src=\"https:\/\/serhsprojects.com\/wp-content\/uploads\/2020\/02\/Vario-Cooking-Center-Bloque-de-coccion-Cocina-Industrial-Rational-\u00b7-SERHS-Projects.jpg\" alt=\"Vario Cooking Center Bloque de coccion Cocina Industrial Rational \u00b7 SERHS Projects\" width=\"248\" height=\"187\" src=\"data:image\/svg+xml;base64,PHN2ZyB3aWR0aD0iMSIgaGVpZ2h0PSIxIiB4bWxucz0iaHR0cDovL3d3dy53My5vcmcvMjAwMC9zdmciPjwvc3ZnPg==\" style=\"--smush-placeholder-width: 248px; --smush-placeholder-aspect-ratio: 248\/187;\" \/><\/b><\/h4>\n<h4><b>Vario Cooking Center, de Rational<\/b><span style=\"font-weight: 400;\">.\u00a0 <\/span><\/h4>\n<p><span style=\"font-weight: 400;\">Una nova forma de cuinar, tant en la restauraci\u00f3 \u201c a la carta\u201d com en la restauraci\u00f3 col\u00b7lectiva. Prepara amb la mateixa efici\u00e8ncia 30 racions individuals que 1.000 menjars. <\/span><span style=\"font-weight: 400;\">Aconsegueix m\u00e0xima flexibilitat en el m\u00ednim espai,\u00a0 amb la supervisi\u00f3 i control m\u00ednims, amb una extraordin\u00e0ria efici\u00e8ncia energ\u00e9tica.<\/span><\/p>\n<p><span style=\"font-weight: 400;\">Gr\u00e0cies a aquesta flexibilitat,\u00a0 pots utilizar-la en diferents m\u00e8todes de cocci\u00f3\u00a0 sense dependre de cap altre equipament. El temps de neteja \u00e9s m\u00ednim, doncs no es crema ni sobresurt cap ingredient.<\/span><\/p>\n<p>&nbsp;<\/p>\n<h4><img decoding=\"async\" class=\"wp-image-25625 size-full alignleft lazyload\" data-src=\"https:\/\/serhsprojects.com\/wp-content\/uploads\/2020\/02\/Self-Cooking-Center-Cocina-Industrial-Rational-\u00b7-SERHS-Projects.jpg\" alt=\"Self Cooking Center Cocina Industrial Rational \u00b7 SERHS Projects\" width=\"248\" height=\"187\" src=\"data:image\/svg+xml;base64,PHN2ZyB3aWR0aD0iMSIgaGVpZ2h0PSIxIiB4bWxucz0iaHR0cDovL3d3dy53My5vcmcvMjAwMC9zdmciPjwvc3ZnPg==\" style=\"--smush-placeholder-width: 248px; --smush-placeholder-aspect-ratio: 248\/187;\" \/><a href=\"https:\/\/www.serhsequipments.com\/search?searchCriteria=horno%20icombi&amp;customTagsSearchList=&amp;searchproducts=true&amp;searchcategories=-1&amp;searchblog=-1&amp;searchpages=-1&amp;searchnews=-1&amp;minCharacters=3\" target=\"_blank\" rel=\"noopener noreferrer\"><b>Self Cooking Center, de Rational<\/b><\/a><span style=\"font-weight: 400;\">. <\/span><\/h4>\n<p><span style=\"font-weight: 400;\">L\u2019assistent que necessites per la teva cuina professional. Cuina a la parrilla, a la planxa i al vapor, forneja blanqueja i cou independentment de si prepares carn, peix, aus o verdures.\u00a0<\/span><\/p>\n<p><span style=\"font-weight: 400;\">Redueix el temps de preparaci\u00f3 dels teus men\u00fas i incrementa la productivitat del teu servei. F\u00e0cil \u00fas amb neteja i\u00a0 descalcificaci\u00f3 autom\u00e0tiques.<\/span><\/p>\n<p>&nbsp;<\/p>\n<p>&nbsp;<\/p>\n<p style=\"text-align: center;\"><b>De veritat et perdr\u00e0s\u00a0 la possibilitat de fer del teu espai de restauraci\u00f3, un espai\u00a0 \u00fanic?<\/b><\/p>\n<p style=\"text-align: center;\"><b>T\u2019esperem al pavell\u00f3 14, stand N\u00ba G708. Coneix de primera m\u00e0 tot el que\u00a0 SERHS Projects pot fer per tu.<\/b><\/p>\n","protected":false},"excerpt":{"rendered":"<p>Despr\u00e9s de l\u2019\u00e8xit aconseguit a la passada edici\u00f3, SERHS Projects , com a\u00a0 professionals en projectes de cuines\u00a0 industrials i buffets, torna a apostar per participar a\u00a0 la Hospitality Innovation Planet, que tindr\u00e0 lloc\u00a0 del 24 al 26 de Febrer a Madrid. M\u00e9s de 25.000 professionals del sector HORECA van visitar el sal\u00f3\u00a0 en 2019,<\/p>\n","protected":false},"author":10,"featured_media":25592,"comment_status":"closed","ping_status":"closed","sticky":false,"template":"","format":"standard","meta":{"footnotes":""},"categories":[2],"tags":[],"class_list":["post-25561","post","type-post","status-publish","format-standard","has-post-thumbnail","hentry","category-serhs-projects-ca"],"yoast_head":"<!-- This site is optimized with the Yoast SEO plugin v27.4 - https:\/\/yoast.com\/product\/yoast-seo-wordpress\/ -->\n<title>SERHS Projects torna a una nova edici\u00f3 de HIP, del 24 al 26 de febrer a IFEMA, Madrid, - SERHS Projects, Proyectos de restauraci\u00f3n a medida<\/title>\n<meta name=\"description\" content=\"SERHS Projects , hi ser\u00e0 present a HIP Madrid, del 24 al 26 de Febrer, com a professionals en projectes de cuines industrials i buffets.\" \/>\n<meta name=\"robots\" content=\"index, follow, max-snippet:-1, max-image-preview:large, max-video-preview:-1\" \/>\n<link rel=\"canonical\" href=\"https:\/\/serhsprojects.com\/ca\/serhs-projects-torna-a-una-nova-edicio-de-hip-del-24-al-26-de-febrer-a-ifema-madrid\/\" \/>\n<meta property=\"og:locale\" content=\"ca_ES\" \/>\n<meta property=\"og:type\" content=\"article\" \/>\n<meta property=\"og:title\" content=\"SERHS Projects torna a una nova edici\u00f3 de HIP, del 24 al 26 de febrer a IFEMA, Madrid, - SERHS Projects, Proyectos de restauraci\u00f3n a medida\" \/>\n<meta property=\"og:description\" content=\"SERHS Projects , hi ser\u00e0 present a HIP Madrid, del 24 al 26 de Febrer, com a professionals en projectes de cuines industrials i buffets.\" \/>\n<meta property=\"og:url\" content=\"https:\/\/serhsprojects.com\/ca\/serhs-projects-torna-a-una-nova-edicio-de-hip-del-24-al-26-de-febrer-a-ifema-madrid\/\" \/>\n<meta property=\"og:site_name\" content=\"SERHS Projects, Proyectos de restauraci\u00f3n a medida\" \/>\n<meta property=\"article:publisher\" content=\"https:\/\/www.facebook.com\/serhsprojects\" \/>\n<meta property=\"article:published_time\" content=\"2020-02-06T08:23:59+00:00\" \/>\n<meta property=\"article:modified_time\" content=\"2023-05-02T11:18:35+00:00\" \/>\n<meta property=\"og:image\" content=\"https:\/\/serhsprojects.com\/wp-content\/uploads\/2020\/02\/SERHS-Projects-HIP-2020.jpg\" \/>\n\t<meta property=\"og:image:width\" content=\"750\" \/>\n\t<meta property=\"og:image:height\" content=\"375\" \/>\n\t<meta property=\"og:image:type\" content=\"image\/jpeg\" \/>\n<meta name=\"author\" content=\"Roser Flaquer\" \/>\n<meta name=\"twitter:card\" content=\"summary_large_image\" \/>\n<meta name=\"twitter:label1\" content=\"Escrit per\" \/>\n\t<meta name=\"twitter:data1\" content=\"Roser Flaquer\" \/>\n\t<meta name=\"twitter:label2\" content=\"Temps estimat de lectura\" \/>\n\t<meta name=\"twitter:data2\" content=\"3 minuts\" \/>\n<script type=\"application\/ld+json\" class=\"yoast-schema-graph\">{\"@context\":\"https:\\\/\\\/schema.org\",\"@graph\":[{\"@type\":\"Article\",\"@id\":\"https:\\\/\\\/serhsprojects.com\\\/ca\\\/serhs-projects-torna-a-una-nova-edicio-de-hip-del-24-al-26-de-febrer-a-ifema-madrid\\\/#article\",\"isPartOf\":{\"@id\":\"https:\\\/\\\/serhsprojects.com\\\/ca\\\/serhs-projects-torna-a-una-nova-edicio-de-hip-del-24-al-26-de-febrer-a-ifema-madrid\\\/\"},\"author\":{\"name\":\"Roser Flaquer\",\"@id\":\"https:\\\/\\\/serhsprojects.com\\\/#\\\/schema\\\/person\\\/d4a1e741cea4cdfa611180213efaba6d\"},\"headline\":\"SERHS Projects torna a una nova edici\u00f3 de HIP, del 24 al 26 de febrer a IFEMA, Madrid,\",\"datePublished\":\"2020-02-06T08:23:59+00:00\",\"dateModified\":\"2023-05-02T11:18:35+00:00\",\"mainEntityOfPage\":{\"@id\":\"https:\\\/\\\/serhsprojects.com\\\/ca\\\/serhs-projects-torna-a-una-nova-edicio-de-hip-del-24-al-26-de-febrer-a-ifema-madrid\\\/\"},\"wordCount\":602,\"publisher\":{\"@id\":\"https:\\\/\\\/serhsprojects.com\\\/#organization\"},\"image\":{\"@id\":\"https:\\\/\\\/serhsprojects.com\\\/ca\\\/serhs-projects-torna-a-una-nova-edicio-de-hip-del-24-al-26-de-febrer-a-ifema-madrid\\\/#primaryimage\"},\"thumbnailUrl\":\"https:\\\/\\\/serhsprojects.com\\\/wp-content\\\/uploads\\\/2020\\\/02\\\/SERHS-Projects-HIP-2020.jpg\",\"articleSection\":[\"SERHS PROJECTS\"],\"inLanguage\":\"ca\"},{\"@type\":\"WebPage\",\"@id\":\"https:\\\/\\\/serhsprojects.com\\\/ca\\\/serhs-projects-torna-a-una-nova-edicio-de-hip-del-24-al-26-de-febrer-a-ifema-madrid\\\/\",\"url\":\"https:\\\/\\\/serhsprojects.com\\\/ca\\\/serhs-projects-torna-a-una-nova-edicio-de-hip-del-24-al-26-de-febrer-a-ifema-madrid\\\/\",\"name\":\"SERHS Projects torna a una nova edici\u00f3 de HIP, del 24 al 26 de febrer a IFEMA, Madrid, - SERHS Projects, Proyectos de restauraci\u00f3n a medida\",\"isPartOf\":{\"@id\":\"https:\\\/\\\/serhsprojects.com\\\/#website\"},\"primaryImageOfPage\":{\"@id\":\"https:\\\/\\\/serhsprojects.com\\\/ca\\\/serhs-projects-torna-a-una-nova-edicio-de-hip-del-24-al-26-de-febrer-a-ifema-madrid\\\/#primaryimage\"},\"image\":{\"@id\":\"https:\\\/\\\/serhsprojects.com\\\/ca\\\/serhs-projects-torna-a-una-nova-edicio-de-hip-del-24-al-26-de-febrer-a-ifema-madrid\\\/#primaryimage\"},\"thumbnailUrl\":\"https:\\\/\\\/serhsprojects.com\\\/wp-content\\\/uploads\\\/2020\\\/02\\\/SERHS-Projects-HIP-2020.jpg\",\"datePublished\":\"2020-02-06T08:23:59+00:00\",\"dateModified\":\"2023-05-02T11:18:35+00:00\",\"description\":\"SERHS Projects , hi ser\u00e0 present a HIP Madrid, del 24 al 26 de Febrer, com a professionals en projectes de cuines industrials i buffets.\",\"breadcrumb\":{\"@id\":\"https:\\\/\\\/serhsprojects.com\\\/ca\\\/serhs-projects-torna-a-una-nova-edicio-de-hip-del-24-al-26-de-febrer-a-ifema-madrid\\\/#breadcrumb\"},\"inLanguage\":\"ca\",\"potentialAction\":[{\"@type\":\"ReadAction\",\"target\":[\"https:\\\/\\\/serhsprojects.com\\\/ca\\\/serhs-projects-torna-a-una-nova-edicio-de-hip-del-24-al-26-de-febrer-a-ifema-madrid\\\/\"]}]},{\"@type\":\"ImageObject\",\"inLanguage\":\"ca\",\"@id\":\"https:\\\/\\\/serhsprojects.com\\\/ca\\\/serhs-projects-torna-a-una-nova-edicio-de-hip-del-24-al-26-de-febrer-a-ifema-madrid\\\/#primaryimage\",\"url\":\"https:\\\/\\\/serhsprojects.com\\\/wp-content\\\/uploads\\\/2020\\\/02\\\/SERHS-Projects-HIP-2020.jpg\",\"contentUrl\":\"https:\\\/\\\/serhsprojects.com\\\/wp-content\\\/uploads\\\/2020\\\/02\\\/SERHS-Projects-HIP-2020.jpg\",\"width\":750,\"height\":375},{\"@type\":\"BreadcrumbList\",\"@id\":\"https:\\\/\\\/serhsprojects.com\\\/ca\\\/serhs-projects-torna-a-una-nova-edicio-de-hip-del-24-al-26-de-febrer-a-ifema-madrid\\\/#breadcrumb\",\"itemListElement\":[{\"@type\":\"ListItem\",\"position\":1,\"name\":\"HOME\",\"item\":\"https:\\\/\\\/serhsprojects.com\\\/\"},{\"@type\":\"ListItem\",\"position\":2,\"name\":\"SERHS Projects torna a una nova edici\u00f3 de HIP, del 24 al 26 de febrer a IFEMA, Madrid,\"}]},{\"@type\":\"WebSite\",\"@id\":\"https:\\\/\\\/serhsprojects.com\\\/#website\",\"url\":\"https:\\\/\\\/serhsprojects.com\\\/\",\"name\":\"\u25b7 SERHS Projects, Proyectos de restauraci\u00f3n a medida\",\"description\":\"Cocinas profesionales, buffets, barras y show cooking. A medida de tus necesidades.\",\"publisher\":{\"@id\":\"https:\\\/\\\/serhsprojects.com\\\/#organization\"},\"potentialAction\":[{\"@type\":\"SearchAction\",\"target\":{\"@type\":\"EntryPoint\",\"urlTemplate\":\"https:\\\/\\\/serhsprojects.com\\\/?s={search_term_string}\"},\"query-input\":{\"@type\":\"PropertyValueSpecification\",\"valueRequired\":true,\"valueName\":\"search_term_string\"}}],\"inLanguage\":\"ca\"},{\"@type\":\"Organization\",\"@id\":\"https:\\\/\\\/serhsprojects.com\\\/#organization\",\"name\":\"SERHS Projects - EquipTuris\",\"url\":\"https:\\\/\\\/serhsprojects.com\\\/\",\"logo\":{\"@type\":\"ImageObject\",\"inLanguage\":\"ca\",\"@id\":\"https:\\\/\\\/serhsprojects.com\\\/#\\\/schema\\\/logo\\\/image\\\/\",\"url\":\"https:\\\/\\\/serhsprojects.com\\\/wp-content\\\/uploads\\\/2021\\\/03\\\/serhs_projects_cocinas_profesionales_buffets_showcookings.jpg\",\"contentUrl\":\"https:\\\/\\\/serhsprojects.com\\\/wp-content\\\/uploads\\\/2021\\\/03\\\/serhs_projects_cocinas_profesionales_buffets_showcookings.jpg\",\"width\":475,\"height\":84,\"caption\":\"SERHS Projects - EquipTuris\"},\"image\":{\"@id\":\"https:\\\/\\\/serhsprojects.com\\\/#\\\/schema\\\/logo\\\/image\\\/\"},\"sameAs\":[\"https:\\\/\\\/www.facebook.com\\\/serhsprojects\",\"https:\\\/\\\/www.linkedin.com\\\/company\\\/serhs-projects\",\"https:\\\/\\\/www.instagram.com\\\/serhsprojects\\\/\",\"https:\\\/\\\/www.pinterest.es\\\/serhsprojects\\\/_created\\\/\",\"https:\\\/\\\/www.youtube.com\\\/channel\\\/UC-vyzcZaBOqKe-Jiaydqqrg\\\/videos\"]},{\"@type\":\"Person\",\"@id\":\"https:\\\/\\\/serhsprojects.com\\\/#\\\/schema\\\/person\\\/d4a1e741cea4cdfa611180213efaba6d\",\"name\":\"Roser Flaquer\",\"url\":\"https:\\\/\\\/serhsprojects.com\\\/ca\\\/author\\\/rf\\\/\"}]}<\/script>\n<!-- \/ Yoast SEO plugin. -->","yoast_head_json":{"title":"SERHS Projects torna a una nova edici\u00f3 de HIP, del 24 al 26 de febrer a IFEMA, Madrid, - SERHS Projects, Proyectos de restauraci\u00f3n a medida","description":"SERHS Projects , hi ser\u00e0 present a HIP Madrid, del 24 al 26 de Febrer, com a professionals en projectes de cuines industrials i buffets.","robots":{"index":"index","follow":"follow","max-snippet":"max-snippet:-1","max-image-preview":"max-image-preview:large","max-video-preview":"max-video-preview:-1"},"canonical":"https:\/\/serhsprojects.com\/ca\/serhs-projects-torna-a-una-nova-edicio-de-hip-del-24-al-26-de-febrer-a-ifema-madrid\/","og_locale":"ca_ES","og_type":"article","og_title":"SERHS Projects torna a una nova edici\u00f3 de HIP, del 24 al 26 de febrer a IFEMA, Madrid, - SERHS Projects, Proyectos de restauraci\u00f3n a medida","og_description":"SERHS Projects , hi ser\u00e0 present a HIP Madrid, del 24 al 26 de Febrer, com a professionals en projectes de cuines industrials i buffets.","og_url":"https:\/\/serhsprojects.com\/ca\/serhs-projects-torna-a-una-nova-edicio-de-hip-del-24-al-26-de-febrer-a-ifema-madrid\/","og_site_name":"SERHS Projects, Proyectos de restauraci\u00f3n a medida","article_publisher":"https:\/\/www.facebook.com\/serhsprojects","article_published_time":"2020-02-06T08:23:59+00:00","article_modified_time":"2023-05-02T11:18:35+00:00","og_image":[{"width":750,"height":375,"url":"https:\/\/serhsprojects.com\/wp-content\/uploads\/2020\/02\/SERHS-Projects-HIP-2020.jpg","type":"image\/jpeg"}],"author":"Roser Flaquer","twitter_card":"summary_large_image","twitter_misc":{"Escrit per":"Roser Flaquer","Temps estimat de lectura":"3 minuts"},"schema":{"@context":"https:\/\/schema.org","@graph":[{"@type":"Article","@id":"https:\/\/serhsprojects.com\/ca\/serhs-projects-torna-a-una-nova-edicio-de-hip-del-24-al-26-de-febrer-a-ifema-madrid\/#article","isPartOf":{"@id":"https:\/\/serhsprojects.com\/ca\/serhs-projects-torna-a-una-nova-edicio-de-hip-del-24-al-26-de-febrer-a-ifema-madrid\/"},"author":{"name":"Roser Flaquer","@id":"https:\/\/serhsprojects.com\/#\/schema\/person\/d4a1e741cea4cdfa611180213efaba6d"},"headline":"SERHS Projects torna a una nova edici\u00f3 de HIP, del 24 al 26 de febrer a IFEMA, Madrid,","datePublished":"2020-02-06T08:23:59+00:00","dateModified":"2023-05-02T11:18:35+00:00","mainEntityOfPage":{"@id":"https:\/\/serhsprojects.com\/ca\/serhs-projects-torna-a-una-nova-edicio-de-hip-del-24-al-26-de-febrer-a-ifema-madrid\/"},"wordCount":602,"publisher":{"@id":"https:\/\/serhsprojects.com\/#organization"},"image":{"@id":"https:\/\/serhsprojects.com\/ca\/serhs-projects-torna-a-una-nova-edicio-de-hip-del-24-al-26-de-febrer-a-ifema-madrid\/#primaryimage"},"thumbnailUrl":"https:\/\/serhsprojects.com\/wp-content\/uploads\/2020\/02\/SERHS-Projects-HIP-2020.jpg","articleSection":["SERHS PROJECTS"],"inLanguage":"ca"},{"@type":"WebPage","@id":"https:\/\/serhsprojects.com\/ca\/serhs-projects-torna-a-una-nova-edicio-de-hip-del-24-al-26-de-febrer-a-ifema-madrid\/","url":"https:\/\/serhsprojects.com\/ca\/serhs-projects-torna-a-una-nova-edicio-de-hip-del-24-al-26-de-febrer-a-ifema-madrid\/","name":"SERHS Projects torna a una nova edici\u00f3 de HIP, del 24 al 26 de febrer a IFEMA, Madrid, - SERHS Projects, Proyectos de restauraci\u00f3n a medida","isPartOf":{"@id":"https:\/\/serhsprojects.com\/#website"},"primaryImageOfPage":{"@id":"https:\/\/serhsprojects.com\/ca\/serhs-projects-torna-a-una-nova-edicio-de-hip-del-24-al-26-de-febrer-a-ifema-madrid\/#primaryimage"},"image":{"@id":"https:\/\/serhsprojects.com\/ca\/serhs-projects-torna-a-una-nova-edicio-de-hip-del-24-al-26-de-febrer-a-ifema-madrid\/#primaryimage"},"thumbnailUrl":"https:\/\/serhsprojects.com\/wp-content\/uploads\/2020\/02\/SERHS-Projects-HIP-2020.jpg","datePublished":"2020-02-06T08:23:59+00:00","dateModified":"2023-05-02T11:18:35+00:00","description":"SERHS Projects , hi ser\u00e0 present a HIP Madrid, del 24 al 26 de Febrer, com a professionals en projectes de cuines industrials i buffets.","breadcrumb":{"@id":"https:\/\/serhsprojects.com\/ca\/serhs-projects-torna-a-una-nova-edicio-de-hip-del-24-al-26-de-febrer-a-ifema-madrid\/#breadcrumb"},"inLanguage":"ca","potentialAction":[{"@type":"ReadAction","target":["https:\/\/serhsprojects.com\/ca\/serhs-projects-torna-a-una-nova-edicio-de-hip-del-24-al-26-de-febrer-a-ifema-madrid\/"]}]},{"@type":"ImageObject","inLanguage":"ca","@id":"https:\/\/serhsprojects.com\/ca\/serhs-projects-torna-a-una-nova-edicio-de-hip-del-24-al-26-de-febrer-a-ifema-madrid\/#primaryimage","url":"https:\/\/serhsprojects.com\/wp-content\/uploads\/2020\/02\/SERHS-Projects-HIP-2020.jpg","contentUrl":"https:\/\/serhsprojects.com\/wp-content\/uploads\/2020\/02\/SERHS-Projects-HIP-2020.jpg","width":750,"height":375},{"@type":"BreadcrumbList","@id":"https:\/\/serhsprojects.com\/ca\/serhs-projects-torna-a-una-nova-edicio-de-hip-del-24-al-26-de-febrer-a-ifema-madrid\/#breadcrumb","itemListElement":[{"@type":"ListItem","position":1,"name":"HOME","item":"https:\/\/serhsprojects.com\/"},{"@type":"ListItem","position":2,"name":"SERHS Projects torna a una nova edici\u00f3 de HIP, del 24 al 26 de febrer a IFEMA, Madrid,"}]},{"@type":"WebSite","@id":"https:\/\/serhsprojects.com\/#website","url":"https:\/\/serhsprojects.com\/","name":"\u25b7 SERHS Projects, Proyectos de restauraci\u00f3n a medida","description":"Cocinas profesionales, buffets, barras y show cooking. A medida de tus necesidades.","publisher":{"@id":"https:\/\/serhsprojects.com\/#organization"},"potentialAction":[{"@type":"SearchAction","target":{"@type":"EntryPoint","urlTemplate":"https:\/\/serhsprojects.com\/?s={search_term_string}"},"query-input":{"@type":"PropertyValueSpecification","valueRequired":true,"valueName":"search_term_string"}}],"inLanguage":"ca"},{"@type":"Organization","@id":"https:\/\/serhsprojects.com\/#organization","name":"SERHS Projects - EquipTuris","url":"https:\/\/serhsprojects.com\/","logo":{"@type":"ImageObject","inLanguage":"ca","@id":"https:\/\/serhsprojects.com\/#\/schema\/logo\/image\/","url":"https:\/\/serhsprojects.com\/wp-content\/uploads\/2021\/03\/serhs_projects_cocinas_profesionales_buffets_showcookings.jpg","contentUrl":"https:\/\/serhsprojects.com\/wp-content\/uploads\/2021\/03\/serhs_projects_cocinas_profesionales_buffets_showcookings.jpg","width":475,"height":84,"caption":"SERHS Projects - EquipTuris"},"image":{"@id":"https:\/\/serhsprojects.com\/#\/schema\/logo\/image\/"},"sameAs":["https:\/\/www.facebook.com\/serhsprojects","https:\/\/www.linkedin.com\/company\/serhs-projects","https:\/\/www.instagram.com\/serhsprojects\/","https:\/\/www.pinterest.es\/serhsprojects\/_created\/","https:\/\/www.youtube.com\/channel\/UC-vyzcZaBOqKe-Jiaydqqrg\/videos"]},{"@type":"Person","@id":"https:\/\/serhsprojects.com\/#\/schema\/person\/d4a1e741cea4cdfa611180213efaba6d","name":"Roser Flaquer","url":"https:\/\/serhsprojects.com\/ca\/author\/rf\/"}]}},"_links":{"self":[{"href":"https:\/\/serhsprojects.com\/ca\/wp-json\/wp\/v2\/posts\/25561","targetHints":{"allow":["GET"]}}],"collection":[{"href":"https:\/\/serhsprojects.com\/ca\/wp-json\/wp\/v2\/posts"}],"about":[{"href":"https:\/\/serhsprojects.com\/ca\/wp-json\/wp\/v2\/types\/post"}],"author":[{"embeddable":true,"href":"https:\/\/serhsprojects.com\/ca\/wp-json\/wp\/v2\/users\/10"}],"replies":[{"embeddable":true,"href":"https:\/\/serhsprojects.com\/ca\/wp-json\/wp\/v2\/comments?post=25561"}],"version-history":[{"count":0,"href":"https:\/\/serhsprojects.com\/ca\/wp-json\/wp\/v2\/posts\/25561\/revisions"}],"wp:featuredmedia":[{"embeddable":true,"href":"https:\/\/serhsprojects.com\/ca\/wp-json\/wp\/v2\/media\/25592"}],"wp:attachment":[{"href":"https:\/\/serhsprojects.com\/ca\/wp-json\/wp\/v2\/media?parent=25561"}],"wp:term":[{"taxonomy":"category","embeddable":true,"href":"https:\/\/serhsprojects.com\/ca\/wp-json\/wp\/v2\/categories?post=25561"},{"taxonomy":"post_tag","embeddable":true,"href":"https:\/\/serhsprojects.com\/ca\/wp-json\/wp\/v2\/tags?post=25561"}],"curies":[{"name":"wp","href":"https:\/\/api.w.org\/{rel}","templated":true}]}}